{"id":610,"date":"2015-10-23T13:50:36","date_gmt":"2015-10-23T12:50:36","guid":{"rendered":"http:\/\/voilieratypik.fr\/?p=610"},"modified":"2015-10-23T12:51:56","modified_gmt":"2015-10-23T11:51:56","slug":"en-septembre","status":"publish","type":"post","link":"http:\/\/voilieratypik.fr\/?p=610","title":{"rendered":"En septembre"},"content":{"rendered":"<p>En septembre, <strong><span style=\"color: #800000;\">Atypik<\/span><\/strong> a navigu\u00e9 le long des c\u00f4tes marocaines de la M\u00e9diterran\u00e9e avec Lauren, Nordine, L\u00e9a, Magalie, Elsa et Vincent.<\/p>\n<p>D\u00e9couverte de ports de p\u00eaches typiques et de gardiens de ports accueillants, Baignade dans une crique en forme de crat\u00e8re parmi les m\u00e9duses, Diners dans des restaurants o\u00f9 la sardine est abondante et grill\u00e9e, Photos du rif ocre et magnifique,\u2026\u2026..<\/p>\n<p>Les escales\u00a0et visites : <a title=\"Al Hoceima\" href=\"http:\/\/voilieratypik.fr\/?p=612\" target=\"_blank\">Al hoceima<\/a>, <a title=\"Cala d\u2019Iris\" href=\"http:\/\/voilieratypik.fr\/?p=615\" target=\"_blank\">Cala d\u2019iris<\/a>, <a title=\"El Jebha\" href=\"http:\/\/voilieratypik.fr\/?p=617\" target=\"_blank\">El jebha <\/a>et Cala congrejo, <a title=\"M\u2019Dicq\" href=\"http:\/\/voilieratypik.fr\/?p=619\" target=\"_blank\">M\u2019Dicq<\/a>, Tetouan, Chefchaouen, \u00a0et des <a title=\"Des navigations de nuit\" href=\"http:\/\/voilieratypik.fr\/?p=621\" target=\"_blank\">navigations de nuit<\/a>.<\/p>\n<p><a href=\"http:\/\/voilieratypik.fr\/wp-content\/uploads\/2015\/10\/P1020283crat\u00e8re.png\"><img loading=\"lazy\" decoding=\"async\" class=\"aligncenter size-full wp-image-687\" alt=\"P1020283crat\u00e8re\" src=\"http:\/\/voilieratypik.fr\/wp-content\/uploads\/2015\/10\/P1020283crat\u00e8re.png\" width=\"400\" height=\"300\" srcset=\"http:\/\/voilieratypik.fr\/wp-content\/uploads\/2015\/10\/P1020283crat\u00e8re.png 400w, http:\/\/voilieratypik.fr\/wp-content\/uploads\/2015\/10\/P1020283crat\u00e8re-300x225.png 300w\" sizes=\"auto, (max-width: 400px) 100vw, 400px\" \/><\/a><\/p>\n","protected":false},"excerpt":{"rendered":"<p>En septembre, Atypik a navigu\u00e9 le long des c\u00f4tes marocaines de la M\u00e9diterran\u00e9e avec Lauren, Nordine, L\u00e9a, Magalie, Elsa et Vincent. D\u00e9couverte de ports de p\u00eaches typiques et de gardiens de ports accueillants, Baignade dans une crique en forme de &hellip; <a href=\"http:\/\/voilieratypik.fr\/?p=610\">Continuer la lecture <span class=\"meta-nav\">&rarr;<\/span><\/a><\/p>\n","protected":false},"author":1,"featured_media":0,"comment_status":"closed","ping_status":"closed","sticky":false,"template":"","format":"standard","meta":{"footnotes":""},"categories":[28],"tags":[],"class_list":["post-610","post","type-post","status-publish","format-standard","hentry","category-28"],"_links":{"self":[{"href":"http:\/\/voilieratypik.fr\/index.php?rest_route=\/wp\/v2\/posts\/610","targetHints":{"allow":["GET"]}}],"collection":[{"href":"http:\/\/voilieratypik.fr\/index.php?rest_route=\/wp\/v2\/posts"}],"about":[{"href":"http:\/\/voilieratypik.fr\/index.php?rest_route=\/wp\/v2\/types\/post"}],"author":[{"embeddable":true,"href":"http:\/\/voilieratypik.fr\/index.php?rest_route=\/wp\/v2\/users\/1"}],"replies":[{"embeddable":true,"href":"http:\/\/voilieratypik.fr\/index.php?rest_route=%2Fwp%2Fv2%2Fcomments&post=610"}],"version-history":[{"count":12,"href":"http:\/\/voilieratypik.fr\/index.php?rest_route=\/wp\/v2\/posts\/610\/revisions"}],"predecessor-version":[{"id":743,"href":"http:\/\/voilieratypik.fr\/index.php?rest_route=\/wp\/v2\/posts\/610\/revisions\/743"}],"wp:attachment":[{"href":"http:\/\/voilieratypik.fr\/index.php?rest_route=%2Fwp%2Fv2%2Fmedia&parent=610"}],"wp:term":[{"taxonomy":"category","embeddable":true,"href":"http:\/\/voilieratypik.fr\/index.php?rest_route=%2Fwp%2Fv2%2Fcategories&post=610"},{"taxonomy":"post_tag","embeddable":true,"href":"http:\/\/voilieratypik.fr\/index.php?rest_route=%2Fwp%2Fv2%2Ftags&post=610"}],"curies":[{"name":"wp","href":"https:\/\/api.w.org\/{rel}","templated":true}]}}